{"id":746,"date":"2021-10-27T14:24:41","date_gmt":"2021-10-27T14:24:41","guid":{"rendered":"https:\/\/scottandowens.com\/?p=746"},"modified":"2022-03-30T06:08:15","modified_gmt":"2022-03-30T06:08:15","slug":"edhec-international-career-days-lille-22-november-2021","status":"publish","type":"post","link":"https:\/\/scottandowens.com\/fr\/edhec-international-career-days-lille-22-november-2021\/","title":{"rendered":"EDHEC \u2013 International Career Days, Lille, 22 NOVEMBER 2021"},"content":{"rendered":"<h3 class=\"heading\" style=\"text-align: left;\">EDHEC International Career Days, 22 NOVEMBER 2021<\/h3>\n<p><img loading=\"lazy\" decoding=\"async\" class=\"size-full wp-image-748 aligncenter\" src=\"https:\/\/scottandowens.com\/wp-content\/uploads\/2021\/10\/EDHEC-2021.jpg\" alt=\"\" width=\"300\" height=\"168\" srcset=\"https:\/\/scottandowens.com\/wp-content\/uploads\/2021\/10\/EDHEC-2021.jpg 300w, https:\/\/scottandowens.com\/wp-content\/uploads\/2021\/10\/EDHEC-2021-24x13.jpg 24w, https:\/\/scottandowens.com\/wp-content\/uploads\/2021\/10\/EDHEC-2021-36x20.jpg 36w, https:\/\/scottandowens.com\/wp-content\/uploads\/2021\/10\/EDHEC-2021-48x27.jpg 48w\" sizes=\"auto, (max-width: 300px) 100vw, 300px\" \/><\/p>\n<p>Avec cinq campus r\u00e9partis dans trois pays, un programme enti\u00e8rement enseign\u00e9 en anglais, une exp\u00e9rience internationale obligatoire et des opportunit\u00e9s d\u2019\u00e9change avec 117 universit\u00e9s de premier plan dans 31 pays, le programme de Master en management de l\u2019EDHEC est le plus international du genre.<\/p>\n<p>Maintenant, dans sa troisi\u00e8me ann\u00e9e, la Journ\u00e9e internationale des carri\u00e8res est con\u00e7ue pour vous permettre de rencontrer, de r\u00e9seauter et de recruter des \u00e9tudiants en gestion de classe mondiale qui se consacrent \u00e0 la construction d\u2019une carri\u00e8re internationale de troisi\u00e8me cycle.<\/p>\n<p>Plus d\u2019info sur <a href=\"https:\/\/careers.edhec.edu\/lp\/internationalcareerday\">le site officiel de l\u2019\u00e9v\u00e9nement<\/a><\/p>\n","protected":false},"excerpt":{"rendered":"<p>EDHEC International Career Days, 22 NOVEMBER 2021 Avec cinq campus r\u00e9partis dans trois pays, un programme enti\u00e8rement enseign\u00e9 en anglais, une exp\u00e9rience internationale obligatoire et des opportunit\u00e9s d\u2019\u00e9change avec 117 universit\u00e9s de premier plan dans 31 pays, le programme de Master en management de l\u2019EDHEC est le plus international du genre. Maintenant, dans sa troisi\u00e8me [&hellip;]<\/p>\n","protected":false},"author":1,"featured_media":0,"comment_status":"closed","ping_status":"closed","sticky":false,"template":"","format":"standard","meta":{"_acf_changed":false,"inline_featured_image":false,"footnotes":""},"categories":[5],"tags":[],"class_list":["post-746","post","type-post","status-publish","format-standard","hentry","category-non-classifiee"],"acf":[],"yoast_head":"<!-- This site is optimized with the Yoast SEO plugin v25.8 - https:\/\/yoast.com\/wordpress\/plugins\/seo\/ -->\n<title>EDHEC \u2013 International Career Days, Lille, 22 NOVEMBER 2021 - Scott &amp; Owens<\/title>\n<meta name=\"robots\" content=\"index, follow, max-snippet:-1, max-image-preview:large, max-video-preview:-1\" \/>\n<link rel=\"canonical\" href=\"https:\/\/scottandowens.com\/fr\/edhec-international-career-days-lille-22-november-2021\/\" \/>\n<meta property=\"og:locale\" content=\"fr_FR\" \/>\n<meta property=\"og:type\" content=\"article\" \/>\n<meta property=\"og:title\" content=\"EDHEC \u2013 International Career Days, Lille, 22 NOVEMBER 2021 - Scott &amp; Owens\" \/>\n<meta property=\"og:description\" content=\"EDHEC International Career Days, 22 NOVEMBER 2021 Avec cinq campus r\u00e9partis dans trois pays, un programme enti\u00e8rement enseign\u00e9 en anglais, une exp\u00e9rience internationale obligatoire et des opportunit\u00e9s d\u2019\u00e9change avec 117 universit\u00e9s de premier plan dans 31 pays, le programme de Master en management de l\u2019EDHEC est le plus international du genre. Maintenant, dans sa troisi\u00e8me [&hellip;]\" \/>\n<meta property=\"og:url\" content=\"https:\/\/scottandowens.com\/fr\/edhec-international-career-days-lille-22-november-2021\/\" \/>\n<meta property=\"og:site_name\" content=\"Scott &amp; Owens\" \/>\n<meta property=\"article:published_time\" content=\"2021-10-27T14:24:41+00:00\" \/>\n<meta property=\"article:modified_time\" content=\"2022-03-30T06:08:15+00:00\" \/>\n<meta property=\"og:image\" content=\"https:\/\/scottandowens.com\/wp-content\/uploads\/2021\/10\/EDHEC-2021.jpg\" \/>\n<meta name=\"author\" content=\"admin\" \/>\n<meta name=\"twitter:card\" content=\"summary_large_image\" \/>\n<meta name=\"twitter:creator\" content=\"@admin\" \/>\n<meta name=\"twitter:label1\" content=\"\u00c9crit par\" \/>\n\t<meta name=\"twitter:data1\" content=\"admin\" \/>\n\t<meta name=\"twitter:label2\" content=\"Dur\u00e9e de lecture estim\u00e9e\" \/>\n\t<meta name=\"twitter:data2\" content=\"1 minute\" \/>\n<script type=\"application\/ld+json\" class=\"yoast-schema-graph\">{\"@context\":\"https:\/\/schema.org\",\"@graph\":[{\"@type\":\"Article\",\"@id\":\"https:\/\/scottandowens.com\/fr\/edhec-international-career-days-lille-22-november-2021\/#article\",\"isPartOf\":{\"@id\":\"https:\/\/scottandowens.com\/fr\/edhec-international-career-days-lille-22-november-2021\/\"},\"author\":{\"name\":\"admin\",\"@id\":\"https:\/\/scottandowens.com\/#\/schema\/person\/1d5b19bc362a3024d692b9c589c8358a\"},\"headline\":\"EDHEC \u2013 International Career Days, Lille, 22 NOVEMBER 2021\",\"datePublished\":\"2021-10-27T14:24:41+00:00\",\"dateModified\":\"2022-03-30T06:08:15+00:00\",\"mainEntityOfPage\":{\"@id\":\"https:\/\/scottandowens.com\/fr\/edhec-international-career-days-lille-22-november-2021\/\"},\"wordCount\":120,\"publisher\":{\"@id\":\"https:\/\/scottandowens.com\/#organization\"},\"image\":{\"@id\":\"https:\/\/scottandowens.com\/fr\/edhec-international-career-days-lille-22-november-2021\/#primaryimage\"},\"thumbnailUrl\":\"https:\/\/scottandowens.com\/wp-content\/uploads\/2021\/10\/EDHEC-2021.jpg\",\"articleSection\":[\"Non classifi\u00e9(e)\"],\"inLanguage\":\"fr-FR\"},{\"@type\":\"WebPage\",\"@id\":\"https:\/\/scottandowens.com\/fr\/edhec-international-career-days-lille-22-november-2021\/\",\"url\":\"https:\/\/scottandowens.com\/fr\/edhec-international-career-days-lille-22-november-2021\/\",\"name\":\"EDHEC \u2013 International Career Days, Lille, 22 NOVEMBER 2021 - Scott &amp; Owens\",\"isPartOf\":{\"@id\":\"https:\/\/scottandowens.com\/#website\"},\"primaryImageOfPage\":{\"@id\":\"https:\/\/scottandowens.com\/fr\/edhec-international-career-days-lille-22-november-2021\/#primaryimage\"},\"image\":{\"@id\":\"https:\/\/scottandowens.com\/fr\/edhec-international-career-days-lille-22-november-2021\/#primaryimage\"},\"thumbnailUrl\":\"https:\/\/scottandowens.com\/wp-content\/uploads\/2021\/10\/EDHEC-2021.jpg\",\"datePublished\":\"2021-10-27T14:24:41+00:00\",\"dateModified\":\"2022-03-30T06:08:15+00:00\",\"breadcrumb\":{\"@id\":\"https:\/\/scottandowens.com\/fr\/edhec-international-career-days-lille-22-november-2021\/#breadcrumb\"},\"inLanguage\":\"fr-FR\",\"potentialAction\":[{\"@type\":\"ReadAction\",\"target\":[\"https:\/\/scottandowens.com\/fr\/edhec-international-career-days-lille-22-november-2021\/\"]}]},{\"@type\":\"ImageObject\",\"inLanguage\":\"fr-FR\",\"@id\":\"https:\/\/scottandowens.com\/fr\/edhec-international-career-days-lille-22-november-2021\/#primaryimage\",\"url\":\"https:\/\/scottandowens.com\/wp-content\/uploads\/2021\/10\/EDHEC-2021.jpg\",\"contentUrl\":\"https:\/\/scottandowens.com\/wp-content\/uploads\/2021\/10\/EDHEC-2021.jpg\"},{\"@type\":\"BreadcrumbList\",\"@id\":\"https:\/\/scottandowens.com\/fr\/edhec-international-career-days-lille-22-november-2021\/#breadcrumb\",\"itemListElement\":[{\"@type\":\"ListItem\",\"position\":1,\"name\":\"Home\",\"item\":\"https:\/\/scottandowens.com\/fr\/\"},{\"@type\":\"ListItem\",\"position\":2,\"name\":\"EDHEC \u2013 International Career Days, Lille, 22 NOVEMBER 2021\"}]},{\"@type\":\"WebSite\",\"@id\":\"https:\/\/scottandowens.com\/#website\",\"url\":\"https:\/\/scottandowens.com\/\",\"name\":\"Scott & Owens\",\"description\":\"Tailor made advisory\",\"publisher\":{\"@id\":\"https:\/\/scottandowens.com\/#organization\"},\"potentialAction\":[{\"@type\":\"SearchAction\",\"target\":{\"@type\":\"EntryPoint\",\"urlTemplate\":\"https:\/\/scottandowens.com\/?s={search_term_string}\"},\"query-input\":{\"@type\":\"PropertyValueSpecification\",\"valueRequired\":true,\"valueName\":\"search_term_string\"}}],\"inLanguage\":\"fr-FR\"},{\"@type\":\"Organization\",\"@id\":\"https:\/\/scottandowens.com\/#organization\",\"name\":\"Scott & Ownes - Tailor made advisory\",\"url\":\"https:\/\/scottandowens.com\/\",\"logo\":{\"@type\":\"ImageObject\",\"inLanguage\":\"fr-FR\",\"@id\":\"https:\/\/scottandowens.com\/#\/schema\/logo\/image\/\",\"url\":\"https:\/\/scottandowens.com\/wp-content\/uploads\/2021\/09\/scott-owens-logo-brown.svg\",\"contentUrl\":\"https:\/\/scottandowens.com\/wp-content\/uploads\/2021\/09\/scott-owens-logo-brown.svg\",\"width\":187,\"height\":92,\"caption\":\"Scott & Ownes - Tailor made advisory\"},\"image\":{\"@id\":\"https:\/\/scottandowens.com\/#\/schema\/logo\/image\/\"}},{\"@type\":\"Person\",\"@id\":\"https:\/\/scottandowens.com\/#\/schema\/person\/1d5b19bc362a3024d692b9c589c8358a\",\"name\":\"admin\",\"image\":{\"@type\":\"ImageObject\",\"inLanguage\":\"fr-FR\",\"@id\":\"https:\/\/scottandowens.com\/#\/schema\/person\/image\/\",\"url\":\"https:\/\/secure.gravatar.com\/avatar\/554609cb0592be6dca5eedd2ee22c9421c8a949e182416d339cecfbb3aedb94e?s=96&d=mm&r=g\",\"contentUrl\":\"https:\/\/secure.gravatar.com\/avatar\/554609cb0592be6dca5eedd2ee22c9421c8a949e182416d339cecfbb3aedb94e?s=96&d=mm&r=g\",\"caption\":\"admin\"},\"sameAs\":[\"https:\/\/scottandowens.com\",\"https:\/\/x.com\/admin\"],\"url\":\"https:\/\/scottandowens.com\/fr\/author\/admin\/\"}]}<\/script>\n<!-- \/ Yoast SEO plugin. -->","yoast_head_json":{"title":"EDHEC \u2013 International Career Days, Lille, 22 NOVEMBER 2021 - Scott &amp; Owens","robots":{"index":"index","follow":"follow","max-snippet":"max-snippet:-1","max-image-preview":"max-image-preview:large","max-video-preview":"max-video-preview:-1"},"canonical":"https:\/\/scottandowens.com\/fr\/edhec-international-career-days-lille-22-november-2021\/","og_locale":"fr_FR","og_type":"article","og_title":"EDHEC \u2013 International Career Days, Lille, 22 NOVEMBER 2021 - Scott &amp; Owens","og_description":"EDHEC International Career Days, 22 NOVEMBER 2021 Avec cinq campus r\u00e9partis dans trois pays, un programme enti\u00e8rement enseign\u00e9 en anglais, une exp\u00e9rience internationale obligatoire et des opportunit\u00e9s d\u2019\u00e9change avec 117 universit\u00e9s de premier plan dans 31 pays, le programme de Master en management de l\u2019EDHEC est le plus international du genre. Maintenant, dans sa troisi\u00e8me [&hellip;]","og_url":"https:\/\/scottandowens.com\/fr\/edhec-international-career-days-lille-22-november-2021\/","og_site_name":"Scott &amp; Owens","article_published_time":"2021-10-27T14:24:41+00:00","article_modified_time":"2022-03-30T06:08:15+00:00","og_image":[{"url":"https:\/\/scottandowens.com\/wp-content\/uploads\/2021\/10\/EDHEC-2021.jpg","type":"","width":"","height":""}],"author":"admin","twitter_card":"summary_large_image","twitter_creator":"@admin","twitter_misc":{"\u00c9crit par":"admin","Dur\u00e9e de lecture estim\u00e9e":"1 minute"},"schema":{"@context":"https:\/\/schema.org","@graph":[{"@type":"Article","@id":"https:\/\/scottandowens.com\/fr\/edhec-international-career-days-lille-22-november-2021\/#article","isPartOf":{"@id":"https:\/\/scottandowens.com\/fr\/edhec-international-career-days-lille-22-november-2021\/"},"author":{"name":"admin","@id":"https:\/\/scottandowens.com\/#\/schema\/person\/1d5b19bc362a3024d692b9c589c8358a"},"headline":"EDHEC \u2013 International Career Days, Lille, 22 NOVEMBER 2021","datePublished":"2021-10-27T14:24:41+00:00","dateModified":"2022-03-30T06:08:15+00:00","mainEntityOfPage":{"@id":"https:\/\/scottandowens.com\/fr\/edhec-international-career-days-lille-22-november-2021\/"},"wordCount":120,"publisher":{"@id":"https:\/\/scottandowens.com\/#organization"},"image":{"@id":"https:\/\/scottandowens.com\/fr\/edhec-international-career-days-lille-22-november-2021\/#primaryimage"},"thumbnailUrl":"https:\/\/scottandowens.com\/wp-content\/uploads\/2021\/10\/EDHEC-2021.jpg","articleSection":["Non classifi\u00e9(e)"],"inLanguage":"fr-FR"},{"@type":"WebPage","@id":"https:\/\/scottandowens.com\/fr\/edhec-international-career-days-lille-22-november-2021\/","url":"https:\/\/scottandowens.com\/fr\/edhec-international-career-days-lille-22-november-2021\/","name":"EDHEC \u2013 International Career Days, Lille, 22 NOVEMBER 2021 - Scott &amp; Owens","isPartOf":{"@id":"https:\/\/scottandowens.com\/#website"},"primaryImageOfPage":{"@id":"https:\/\/scottandowens.com\/fr\/edhec-international-career-days-lille-22-november-2021\/#primaryimage"},"image":{"@id":"https:\/\/scottandowens.com\/fr\/edhec-international-career-days-lille-22-november-2021\/#primaryimage"},"thumbnailUrl":"https:\/\/scottandowens.com\/wp-content\/uploads\/2021\/10\/EDHEC-2021.jpg","datePublished":"2021-10-27T14:24:41+00:00","dateModified":"2022-03-30T06:08:15+00:00","breadcrumb":{"@id":"https:\/\/scottandowens.com\/fr\/edhec-international-career-days-lille-22-november-2021\/#breadcrumb"},"inLanguage":"fr-FR","potentialAction":[{"@type":"ReadAction","target":["https:\/\/scottandowens.com\/fr\/edhec-international-career-days-lille-22-november-2021\/"]}]},{"@type":"ImageObject","inLanguage":"fr-FR","@id":"https:\/\/scottandowens.com\/fr\/edhec-international-career-days-lille-22-november-2021\/#primaryimage","url":"https:\/\/scottandowens.com\/wp-content\/uploads\/2021\/10\/EDHEC-2021.jpg","contentUrl":"https:\/\/scottandowens.com\/wp-content\/uploads\/2021\/10\/EDHEC-2021.jpg"},{"@type":"BreadcrumbList","@id":"https:\/\/scottandowens.com\/fr\/edhec-international-career-days-lille-22-november-2021\/#breadcrumb","itemListElement":[{"@type":"ListItem","position":1,"name":"Home","item":"https:\/\/scottandowens.com\/fr\/"},{"@type":"ListItem","position":2,"name":"EDHEC \u2013 International Career Days, Lille, 22 NOVEMBER 2021"}]},{"@type":"WebSite","@id":"https:\/\/scottandowens.com\/#website","url":"https:\/\/scottandowens.com\/","name":"Scott & Owens","description":"Tailor made advisory","publisher":{"@id":"https:\/\/scottandowens.com\/#organization"},"potentialAction":[{"@type":"SearchAction","target":{"@type":"EntryPoint","urlTemplate":"https:\/\/scottandowens.com\/?s={search_term_string}"},"query-input":{"@type":"PropertyValueSpecification","valueRequired":true,"valueName":"search_term_string"}}],"inLanguage":"fr-FR"},{"@type":"Organization","@id":"https:\/\/scottandowens.com\/#organization","name":"Scott & Ownes - Tailor made advisory","url":"https:\/\/scottandowens.com\/","logo":{"@type":"ImageObject","inLanguage":"fr-FR","@id":"https:\/\/scottandowens.com\/#\/schema\/logo\/image\/","url":"https:\/\/scottandowens.com\/wp-content\/uploads\/2021\/09\/scott-owens-logo-brown.svg","contentUrl":"https:\/\/scottandowens.com\/wp-content\/uploads\/2021\/09\/scott-owens-logo-brown.svg","width":187,"height":92,"caption":"Scott & Ownes - Tailor made advisory"},"image":{"@id":"https:\/\/scottandowens.com\/#\/schema\/logo\/image\/"}},{"@type":"Person","@id":"https:\/\/scottandowens.com\/#\/schema\/person\/1d5b19bc362a3024d692b9c589c8358a","name":"admin","image":{"@type":"ImageObject","inLanguage":"fr-FR","@id":"https:\/\/scottandowens.com\/#\/schema\/person\/image\/","url":"https:\/\/secure.gravatar.com\/avatar\/554609cb0592be6dca5eedd2ee22c9421c8a949e182416d339cecfbb3aedb94e?s=96&d=mm&r=g","contentUrl":"https:\/\/secure.gravatar.com\/avatar\/554609cb0592be6dca5eedd2ee22c9421c8a949e182416d339cecfbb3aedb94e?s=96&d=mm&r=g","caption":"admin"},"sameAs":["https:\/\/scottandowens.com","https:\/\/x.com\/admin"],"url":"https:\/\/scottandowens.com\/fr\/author\/admin\/"}]}},"_links":{"self":[{"href":"https:\/\/scottandowens.com\/fr\/wp-json\/wp\/v2\/posts\/746","targetHints":{"allow":["GET"]}}],"collection":[{"href":"https:\/\/scottandowens.com\/fr\/wp-json\/wp\/v2\/posts"}],"about":[{"href":"https:\/\/scottandowens.com\/fr\/wp-json\/wp\/v2\/types\/post"}],"author":[{"embeddable":true,"href":"https:\/\/scottandowens.com\/fr\/wp-json\/wp\/v2\/users\/1"}],"replies":[{"embeddable":true,"href":"https:\/\/scottandowens.com\/fr\/wp-json\/wp\/v2\/comments?post=746"}],"version-history":[{"count":4,"href":"https:\/\/scottandowens.com\/fr\/wp-json\/wp\/v2\/posts\/746\/revisions"}],"predecessor-version":[{"id":756,"href":"https:\/\/scottandowens.com\/fr\/wp-json\/wp\/v2\/posts\/746\/revisions\/756"}],"wp:attachment":[{"href":"https:\/\/scottandowens.com\/fr\/wp-json\/wp\/v2\/media?parent=746"}],"wp:term":[{"taxonomy":"category","embeddable":true,"href":"https:\/\/scottandowens.com\/fr\/wp-json\/wp\/v2\/categories?post=746"},{"taxonomy":"post_tag","embeddable":true,"href":"https:\/\/scottandowens.com\/fr\/wp-json\/wp\/v2\/tags?post=746"}],"curies":[{"name":"wp","href":"https:\/\/api.w.org\/{rel}","templated":true}]}}